{"id":3042,"date":"2023-01-31T15:00:00","date_gmt":"2023-01-31T14:00:00","guid":{"rendered":"http:\/\/matthias-walter-koch.de\/?p=3042"},"modified":"2023-02-21T19:28:02","modified_gmt":"2023-02-21T18:28:02","slug":"genussabende-mit-joerg-geiger","status":"publish","type":"post","link":"https:\/\/matthias-walter-koch.de\/index.php\/2023\/01\/31\/genussabende-mit-joerg-geiger\/","title":{"rendered":"Genussabende mit J\u00f6rg Geiger"},"content":{"rendered":"\n<p>Mit unserem Partner Manufaktur J\u00f6rg Geiger in Schlat haben wir folgende Men\u00fcabende geplant:<\/p>\n\n\n\n<p><\/p>\n\n\n\n<p>Genusskalender 2022:<\/p>\n\n\n\n<ul class=\"wp-block-list\"><li>31.03.2023 Reise zur Champagner Bratbirne<\/li><li>1.04.2023 Fr\u00fchlingserwachen<\/li><li>28.04.2023 Champagner Bratbirne<\/li><li>7-8.07.2023 Picknick mit Nascherreien von MW<\/li><li>9.07.2023 Sonntagsf\u00fchrung <\/li><li>24.09.2023 Schlater Apfelfest mit MW Foodtruck0<\/li><\/ul>\n\n\n\n<p>2N\u00e4here Information finden Sie auch unter folgendem Link: <a href=\"https:\/\/www.manufaktur-joerg-geiger.de\/Veranstaltungen\/\">https:\/\/www.manufaktur-joerg-geiger.de\/Veranstaltungen\/<\/a><\/p>\n\n\n\n<p><\/p>\n\n\n\n<p><\/p>\n\n\n\n<p><\/p>\n","protected":false},"excerpt":{"rendered":"<p>Mit unserem Partner Manufaktur J\u00f6rg Geiger in Schlat haben wir folgende Men\u00fcabende geplant: Genusskalender 2022: 31.03.2023 Reise zur Champagner Bratbirne 1.04.2023 Fr\u00fchlingserwachen 28.04.2023 Champagner Bratbirne 7-8.07.2023 Picknick mit Nascherreien von MW 9.07.2023 Sonntagsf\u00fchrung 24.09.2023 Schlater Apfelfest mit MW Foodtruck0 2N\u00e4here Information finden Sie auch unter folgendem Link: https:\/\/www.manufaktur-joerg-geiger.de\/Veranstaltungen\/<\/p>\n","protected":false},"author":5,"featured_media":3489,"comment_status":"open","ping_status":"open","sticky":false,"template":"","format":"standard","meta":{"footnotes":""},"categories":[1],"tags":[65,64,108,106,107],"class_list":["post-3042","post","type-post","status-publish","format-standard","has-post-thumbnail","hentry","category-allgemein","tag-backen","tag-kochen","tag-produkte-aus-der-region","tag-wochenmarkt-geislingen","tag-wochenmarkt-goeppingen"],"_links":{"self":[{"href":"https:\/\/matthias-walter-koch.de\/index.php\/wp-json\/wp\/v2\/posts\/3042","targetHints":{"allow":["GET"]}}],"collection":[{"href":"https:\/\/matthias-walter-koch.de\/index.php\/wp-json\/wp\/v2\/posts"}],"about":[{"href":"https:\/\/matthias-walter-koch.de\/index.php\/wp-json\/wp\/v2\/types\/post"}],"author":[{"embeddable":true,"href":"https:\/\/matthias-walter-koch.de\/index.php\/wp-json\/wp\/v2\/users\/5"}],"replies":[{"embeddable":true,"href":"https:\/\/matthias-walter-koch.de\/index.php\/wp-json\/wp\/v2\/comments?post=3042"}],"version-history":[{"count":31,"href":"https:\/\/matthias-walter-koch.de\/index.php\/wp-json\/wp\/v2\/posts\/3042\/revisions"}],"predecessor-version":[{"id":3574,"href":"https:\/\/matthias-walter-koch.de\/index.php\/wp-json\/wp\/v2\/posts\/3042\/revisions\/3574"}],"wp:featuredmedia":[{"embeddable":true,"href":"https:\/\/matthias-walter-koch.de\/index.php\/wp-json\/wp\/v2\/media\/3489"}],"wp:attachment":[{"href":"https:\/\/matthias-walter-koch.de\/index.php\/wp-json\/wp\/v2\/media?parent=3042"}],"wp:term":[{"taxonomy":"category","embeddable":true,"href":"https:\/\/matthias-walter-koch.de\/index.php\/wp-json\/wp\/v2\/categories?post=3042"},{"taxonomy":"post_tag","embeddable":true,"href":"https:\/\/matthias-walter-koch.de\/index.php\/wp-json\/wp\/v2\/tags?post=3042"}],"curies":[{"name":"wp","href":"https:\/\/api.w.org\/{rel}","templated":true}]}}